{"id":10913,"date":"2024-02-01T12:00:12","date_gmt":"2024-02-01T11:00:12","guid":{"rendered":"https:\/\/www.eurotoll.eu\/?p=10913"},"modified":"2025-02-07T16:17:11","modified_gmt":"2025-02-07T15:17:11","slug":"actualites-peage-poids-lourds-2024-mise-a-jour-des-baremes-de-remises-tispl-au-1er-fevrier","status":"publish","type":"post","link":"https:\/\/www.Eurotoll.eu\/fr\/2024\/02\/01\/actualites-peage-poids-lourds-2024-mise-a-jour-des-baremes-de-remises-tispl-au-1er-fevrier\/","title":{"rendered":"Bar\u00e8mes remises TISPL f\u00e9vrier 2024"},"content":{"rendered":"<p>&nbsp;<\/p>\n<p><strong>&#8212; Actualit\u00e9 P\u00e9age Poids Lourds 2024 : mise \u00e0 jour des bar\u00e8mes (TISPL) &#8212;<\/strong><\/p>\n<p>&nbsp;<\/p>\n<p>Certaines soci\u00e9t\u00e9s d&rsquo;autoroutes fran\u00e7aises ont mis \u00e0 jour leurs bar\u00e8mes de remises pour le p\u00e9age poids lourds &#8211; TISPL.<\/p>\n<p>&nbsp;<\/p>\n<p>Ces changements sont effectifs \u00e0 compter du 1er f\u00e9vrier 2024.<\/p>\n<p>&nbsp;<\/p>\n<p><strong><a href=\"https:\/\/www.Eurotoll.eu\/wp-content\/uploads\/2024\/02\/Lumesia-Bareme-TISPL-022024-FR.pdf\" target=\"_blank\" rel=\"noopener\">Retrouvez ici les bar\u00e8mes d\u00e9taill\u00e9s pour tous les concessionnaires fran\u00e7ais.<\/a><\/strong><\/p>\n<p>&nbsp;<\/p>\n","protected":false},"excerpt":{"rendered":"<p>&nbsp; &#8212; Actualit\u00e9 P\u00e9age Poids Lourds 2024 : mise \u00e0 jour des bar\u00e8mes (TISPL) &#8212; &nbsp; Certaines soci\u00e9t\u00e9s d&rsquo;autoroutes fran\u00e7aises ont&#8230;<\/p>\n","protected":false},"author":23,"featured_media":0,"comment_status":"closed","ping_status":"closed","sticky":false,"template":"","format":"standard","meta":{"footnotes":""},"categories":[1],"tags":[],"class_list":["post-10913","post","type-post","status-publish","format-standard","hentry","category-non-classe"],"yoast_head":"<!-- This site is optimized with the Yoast SEO Premium plugin v26.7 (Yoast SEO v26.7) - https:\/\/yoast.com\/wordpress\/plugins\/seo\/ -->\n<title>Bar\u00e8mes remises TISPL f\u00e9vrier 2024 - eurotoll<\/title>\n<meta name=\"description\" content=\"Consultez les bar\u00e8mes de remises TISPL valides au 1\/02\/24, incluant les toutes derni\u00e8res \u00e9volutions de certains concessionnaires fran\u00e7ais\" \/>\n<meta name=\"robots\" content=\"index, follow, max-snippet:-1, max-image-preview:large, max-video-preview:-1\" \/>\n<link rel=\"canonical\" href=\"https:\/\/www.Eurotoll.eu\/fr\/2024\/02\/01\/actualites-peage-poids-lourds-2024-mise-a-jour-des-baremes-de-remises-tispl-au-1er-fevrier\/\" \/>\n<meta property=\"og:locale\" content=\"fr_FR\" \/>\n<meta property=\"og:type\" content=\"article\" \/>\n<meta property=\"og:title\" content=\"Bar\u00e8mes remises TISPL f\u00e9vrier 2024\" \/>\n<meta property=\"og:description\" content=\"Consultez les bar\u00e8mes de remises TISPL valides au 1\/02\/24, incluant les toutes derni\u00e8res \u00e9volutions de certains concessionnaires fran\u00e7ais\" \/>\n<meta property=\"og:url\" content=\"https:\/\/www.Eurotoll.eu\/fr\/2024\/02\/01\/actualites-peage-poids-lourds-2024-mise-a-jour-des-baremes-de-remises-tispl-au-1er-fevrier\/\" \/>\n<meta property=\"og:site_name\" content=\"eurotoll\" \/>\n<meta property=\"article:published_time\" content=\"2024-02-01T11:00:12+00:00\" \/>\n<meta property=\"article:modified_time\" content=\"2025-02-07T15:17:11+00:00\" \/>\n<meta name=\"author\" content=\"Elodie Thiery\" \/>\n<meta name=\"twitter:card\" content=\"summary_large_image\" \/>\n<meta name=\"twitter:label1\" content=\"\u00c9crit par\" \/>\n\t<meta name=\"twitter:data1\" content=\"Elodie Thiery\" \/>\n\t<meta name=\"twitter:label2\" content=\"Dur\u00e9e de lecture estim\u00e9e\" \/>\n\t<meta name=\"twitter:data2\" content=\"1 minute\" \/>\n<script type=\"application\/ld+json\" class=\"yoast-schema-graph\">{\"@context\":\"https:\/\/schema.org\",\"@graph\":[{\"@type\":\"Article\",\"@id\":\"https:\/\/www.Eurotoll.eu\/fr\/2024\/02\/01\/actualites-peage-poids-lourds-2024-mise-a-jour-des-baremes-de-remises-tispl-au-1er-fevrier\/#article\",\"isPartOf\":{\"@id\":\"https:\/\/www.Eurotoll.eu\/fr\/2024\/02\/01\/actualites-peage-poids-lourds-2024-mise-a-jour-des-baremes-de-remises-tispl-au-1er-fevrier\/\"},\"author\":{\"name\":\"Elodie Thiery\",\"@id\":\"https:\/\/www.Eurotoll.eu\/fr\/#\/schema\/person\/c8c870b66025739fb7087c3e7a8244cd\"},\"headline\":\"Bar\u00e8mes remises TISPL f\u00e9vrier 2024\",\"datePublished\":\"2024-02-01T11:00:12+00:00\",\"dateModified\":\"2025-02-07T15:17:11+00:00\",\"mainEntityOfPage\":{\"@id\":\"https:\/\/www.Eurotoll.eu\/fr\/2024\/02\/01\/actualites-peage-poids-lourds-2024-mise-a-jour-des-baremes-de-remises-tispl-au-1er-fevrier\/\"},\"wordCount\":70,\"inLanguage\":\"fr-FR\"},{\"@type\":\"WebPage\",\"@id\":\"https:\/\/www.Eurotoll.eu\/fr\/2024\/02\/01\/actualites-peage-poids-lourds-2024-mise-a-jour-des-baremes-de-remises-tispl-au-1er-fevrier\/\",\"url\":\"https:\/\/www.Eurotoll.eu\/fr\/2024\/02\/01\/actualites-peage-poids-lourds-2024-mise-a-jour-des-baremes-de-remises-tispl-au-1er-fevrier\/\",\"name\":\"Bar\u00e8mes remises TISPL f\u00e9vrier 2024 - eurotoll\",\"isPartOf\":{\"@id\":\"https:\/\/www.Eurotoll.eu\/fr\/#website\"},\"datePublished\":\"2024-02-01T11:00:12+00:00\",\"dateModified\":\"2025-02-07T15:17:11+00:00\",\"author\":{\"@id\":\"https:\/\/www.Eurotoll.eu\/fr\/#\/schema\/person\/c8c870b66025739fb7087c3e7a8244cd\"},\"description\":\"Consultez les bar\u00e8mes de remises TISPL valides au 1\/02\/24, incluant les toutes derni\u00e8res \u00e9volutions de certains concessionnaires fran\u00e7ais\",\"breadcrumb\":{\"@id\":\"https:\/\/www.Eurotoll.eu\/fr\/2024\/02\/01\/actualites-peage-poids-lourds-2024-mise-a-jour-des-baremes-de-remises-tispl-au-1er-fevrier\/#breadcrumb\"},\"inLanguage\":\"fr-FR\",\"potentialAction\":[{\"@type\":\"ReadAction\",\"target\":[\"https:\/\/www.Eurotoll.eu\/fr\/2024\/02\/01\/actualites-peage-poids-lourds-2024-mise-a-jour-des-baremes-de-remises-tispl-au-1er-fevrier\/\"]}]},{\"@type\":\"BreadcrumbList\",\"@id\":\"https:\/\/www.Eurotoll.eu\/fr\/2024\/02\/01\/actualites-peage-poids-lourds-2024-mise-a-jour-des-baremes-de-remises-tispl-au-1er-fevrier\/#breadcrumb\",\"itemListElement\":[{\"@type\":\"ListItem\",\"position\":1,\"name\":\"Accueil\",\"item\":\"https:\/\/www.Eurotoll.eu\/fr\/\"},{\"@type\":\"ListItem\",\"position\":2,\"name\":\"Bar\u00e8mes remises TISPL f\u00e9vrier 2024\"}]},{\"@type\":\"WebSite\",\"@id\":\"https:\/\/www.Eurotoll.eu\/fr\/#website\",\"url\":\"https:\/\/www.Eurotoll.eu\/fr\/\",\"name\":\"eurotoll\",\"description\":\"Opening the road\",\"potentialAction\":[{\"@type\":\"SearchAction\",\"target\":{\"@type\":\"EntryPoint\",\"urlTemplate\":\"https:\/\/www.Eurotoll.eu\/fr\/?s={search_term_string}\"},\"query-input\":{\"@type\":\"PropertyValueSpecification\",\"valueRequired\":true,\"valueName\":\"search_term_string\"}}],\"inLanguage\":\"fr-FR\"},{\"@type\":\"Person\",\"@id\":\"https:\/\/www.Eurotoll.eu\/fr\/#\/schema\/person\/c8c870b66025739fb7087c3e7a8244cd\",\"name\":\"Elodie Thiery\"}]}<\/script>\n<!-- \/ Yoast SEO Premium plugin. -->","yoast_head_json":{"title":"Bar\u00e8mes remises TISPL f\u00e9vrier 2024 - eurotoll","description":"Consultez les bar\u00e8mes de remises TISPL valides au 1\/02\/24, incluant les toutes derni\u00e8res \u00e9volutions de certains concessionnaires fran\u00e7ais","robots":{"index":"index","follow":"follow","max-snippet":"max-snippet:-1","max-image-preview":"max-image-preview:large","max-video-preview":"max-video-preview:-1"},"canonical":"https:\/\/www.Eurotoll.eu\/fr\/2024\/02\/01\/actualites-peage-poids-lourds-2024-mise-a-jour-des-baremes-de-remises-tispl-au-1er-fevrier\/","og_locale":"fr_FR","og_type":"article","og_title":"Bar\u00e8mes remises TISPL f\u00e9vrier 2024","og_description":"Consultez les bar\u00e8mes de remises TISPL valides au 1\/02\/24, incluant les toutes derni\u00e8res \u00e9volutions de certains concessionnaires fran\u00e7ais","og_url":"https:\/\/www.Eurotoll.eu\/fr\/2024\/02\/01\/actualites-peage-poids-lourds-2024-mise-a-jour-des-baremes-de-remises-tispl-au-1er-fevrier\/","og_site_name":"eurotoll","article_published_time":"2024-02-01T11:00:12+00:00","article_modified_time":"2025-02-07T15:17:11+00:00","author":"Elodie Thiery","twitter_card":"summary_large_image","twitter_misc":{"\u00c9crit par":"Elodie Thiery","Dur\u00e9e de lecture estim\u00e9e":"1 minute"},"schema":{"@context":"https:\/\/schema.org","@graph":[{"@type":"Article","@id":"https:\/\/www.Eurotoll.eu\/fr\/2024\/02\/01\/actualites-peage-poids-lourds-2024-mise-a-jour-des-baremes-de-remises-tispl-au-1er-fevrier\/#article","isPartOf":{"@id":"https:\/\/www.Eurotoll.eu\/fr\/2024\/02\/01\/actualites-peage-poids-lourds-2024-mise-a-jour-des-baremes-de-remises-tispl-au-1er-fevrier\/"},"author":{"name":"Elodie Thiery","@id":"https:\/\/www.Eurotoll.eu\/fr\/#\/schema\/person\/c8c870b66025739fb7087c3e7a8244cd"},"headline":"Bar\u00e8mes remises TISPL f\u00e9vrier 2024","datePublished":"2024-02-01T11:00:12+00:00","dateModified":"2025-02-07T15:17:11+00:00","mainEntityOfPage":{"@id":"https:\/\/www.Eurotoll.eu\/fr\/2024\/02\/01\/actualites-peage-poids-lourds-2024-mise-a-jour-des-baremes-de-remises-tispl-au-1er-fevrier\/"},"wordCount":70,"inLanguage":"fr-FR"},{"@type":"WebPage","@id":"https:\/\/www.Eurotoll.eu\/fr\/2024\/02\/01\/actualites-peage-poids-lourds-2024-mise-a-jour-des-baremes-de-remises-tispl-au-1er-fevrier\/","url":"https:\/\/www.Eurotoll.eu\/fr\/2024\/02\/01\/actualites-peage-poids-lourds-2024-mise-a-jour-des-baremes-de-remises-tispl-au-1er-fevrier\/","name":"Bar\u00e8mes remises TISPL f\u00e9vrier 2024 - eurotoll","isPartOf":{"@id":"https:\/\/www.Eurotoll.eu\/fr\/#website"},"datePublished":"2024-02-01T11:00:12+00:00","dateModified":"2025-02-07T15:17:11+00:00","author":{"@id":"https:\/\/www.Eurotoll.eu\/fr\/#\/schema\/person\/c8c870b66025739fb7087c3e7a8244cd"},"description":"Consultez les bar\u00e8mes de remises TISPL valides au 1\/02\/24, incluant les toutes derni\u00e8res \u00e9volutions de certains concessionnaires fran\u00e7ais","breadcrumb":{"@id":"https:\/\/www.Eurotoll.eu\/fr\/2024\/02\/01\/actualites-peage-poids-lourds-2024-mise-a-jour-des-baremes-de-remises-tispl-au-1er-fevrier\/#breadcrumb"},"inLanguage":"fr-FR","potentialAction":[{"@type":"ReadAction","target":["https:\/\/www.Eurotoll.eu\/fr\/2024\/02\/01\/actualites-peage-poids-lourds-2024-mise-a-jour-des-baremes-de-remises-tispl-au-1er-fevrier\/"]}]},{"@type":"BreadcrumbList","@id":"https:\/\/www.Eurotoll.eu\/fr\/2024\/02\/01\/actualites-peage-poids-lourds-2024-mise-a-jour-des-baremes-de-remises-tispl-au-1er-fevrier\/#breadcrumb","itemListElement":[{"@type":"ListItem","position":1,"name":"Accueil","item":"https:\/\/www.Eurotoll.eu\/fr\/"},{"@type":"ListItem","position":2,"name":"Bar\u00e8mes remises TISPL f\u00e9vrier 2024"}]},{"@type":"WebSite","@id":"https:\/\/www.Eurotoll.eu\/fr\/#website","url":"https:\/\/www.Eurotoll.eu\/fr\/","name":"eurotoll","description":"Opening the road","potentialAction":[{"@type":"SearchAction","target":{"@type":"EntryPoint","urlTemplate":"https:\/\/www.Eurotoll.eu\/fr\/?s={search_term_string}"},"query-input":{"@type":"PropertyValueSpecification","valueRequired":true,"valueName":"search_term_string"}}],"inLanguage":"fr-FR"},{"@type":"Person","@id":"https:\/\/www.Eurotoll.eu\/fr\/#\/schema\/person\/c8c870b66025739fb7087c3e7a8244cd","name":"Elodie Thiery"}]}},"_links":{"self":[{"href":"https:\/\/www.Eurotoll.eu\/fr\/wp-json\/wp\/v2\/posts\/10913","targetHints":{"allow":["GET"]}}],"collection":[{"href":"https:\/\/www.Eurotoll.eu\/fr\/wp-json\/wp\/v2\/posts"}],"about":[{"href":"https:\/\/www.Eurotoll.eu\/fr\/wp-json\/wp\/v2\/types\/post"}],"author":[{"embeddable":true,"href":"https:\/\/www.Eurotoll.eu\/fr\/wp-json\/wp\/v2\/users\/23"}],"replies":[{"embeddable":true,"href":"https:\/\/www.Eurotoll.eu\/fr\/wp-json\/wp\/v2\/comments?post=10913"}],"version-history":[{"count":23,"href":"https:\/\/www.Eurotoll.eu\/fr\/wp-json\/wp\/v2\/posts\/10913\/revisions"}],"predecessor-version":[{"id":18028,"href":"https:\/\/www.Eurotoll.eu\/fr\/wp-json\/wp\/v2\/posts\/10913\/revisions\/18028"}],"wp:attachment":[{"href":"https:\/\/www.Eurotoll.eu\/fr\/wp-json\/wp\/v2\/media?parent=10913"}],"wp:term":[{"taxonomy":"category","embeddable":true,"href":"https:\/\/www.Eurotoll.eu\/fr\/wp-json\/wp\/v2\/categories?post=10913"},{"taxonomy":"post_tag","embeddable":true,"href":"https:\/\/www.Eurotoll.eu\/fr\/wp-json\/wp\/v2\/tags?post=10913"}],"curies":[{"name":"wp","href":"https:\/\/api.w.org\/{rel}","templated":true}]}}