{"id":11321,"date":"2023-01-11T16:50:27","date_gmt":"2023-01-11T15:50:27","guid":{"rendered":"https:\/\/www.eurotoll.eu\/?p=11321"},"modified":"2025-02-07T16:10:50","modified_gmt":"2025-02-07T15:10:50","slug":"evolution-des-tarifs-du-parking-securise-pl-park-au-1er-fevrier-2023","status":"publish","type":"post","link":"https:\/\/www.Eurotoll.eu\/fr\/2023\/01\/11\/evolution-des-tarifs-du-parking-securise-pl-park-au-1er-fevrier-2023\/","title":{"rendered":"Parking s\u00e9curis\u00e9 PARK+ : tarifs mis \u00e0 jour f\u00e9vrier 2023"},"content":{"rendered":"<p>Le parking s\u00e9curis\u00e9 PARK+ Paris Sud Est appliquera de nouveaux tarifs \u00e0 partir du 01\/02\/2023. Le tarif horaire augmentera ainsi de 0,20 \u20ac \u00e0 compter de la 3\u00e8me heure, les 2 premi\u00e8res heures restant gratuites. La r\u00e9duction appliqu\u00e9e aux stationnements Week-End, quant \u00e0 elle, passera de 40 % \u00e0 30 %.<\/p>\n<p>&nbsp;<\/p>\n<p>Sachez que vos OBU eurotoll prendront automatiquement en compte ces nouveaux tarifs, sans action de votre part.<\/p>\n<p><a href=\"https:\/\/dev.lumesia.com\/wp-content\/uploads\/2023\/01\/2023-02-Augmentation-Tarif-Park-Paris-Sud-Est.pdf\" target=\"_blank\" rel=\"noopener\">Consulter les tarifs<\/a><\/p>\n","protected":false},"excerpt":{"rendered":"<p>Le parking s\u00e9curis\u00e9 PARK+ Paris Sud Est appliquera de nouveaux tarifs \u00e0 partir du 01\/02\/2023. Le tarif horaire augmentera ainsi de&#8230;<\/p>\n","protected":false},"author":23,"featured_media":0,"comment_status":"closed","ping_status":"closed","sticky":false,"template":"","format":"standard","meta":{"footnotes":""},"categories":[1],"tags":[],"class_list":["post-11321","post","type-post","status-publish","format-standard","hentry","category-non-classe"],"yoast_head":"<!-- This site is optimized with the Yoast SEO Premium plugin v26.7 (Yoast SEO v26.7) - https:\/\/yoast.com\/wordpress\/plugins\/seo\/ -->\n<title>Parking s\u00e9curis\u00e9 PARK+ : tarifs mis \u00e0 jour f\u00e9vrier 2023 - eurotoll<\/title>\n<meta name=\"robots\" content=\"index, follow, max-snippet:-1, max-image-preview:large, max-video-preview:-1\" \/>\n<link rel=\"canonical\" href=\"https:\/\/www.Eurotoll.eu\/fr\/2023\/01\/11\/evolution-des-tarifs-du-parking-securise-pl-park-au-1er-fevrier-2023\/\" \/>\n<meta property=\"og:locale\" content=\"fr_FR\" \/>\n<meta property=\"og:type\" content=\"article\" \/>\n<meta property=\"og:title\" content=\"Parking s\u00e9curis\u00e9 PARK+ : tarifs mis \u00e0 jour f\u00e9vrier 2023\" \/>\n<meta property=\"og:description\" content=\"Le parking s\u00e9curis\u00e9 PARK+ Paris Sud Est appliquera de nouveaux tarifs \u00e0 partir du 01\/02\/2023. Le tarif horaire augmentera ainsi de...\" \/>\n<meta property=\"og:url\" content=\"https:\/\/www.Eurotoll.eu\/fr\/2023\/01\/11\/evolution-des-tarifs-du-parking-securise-pl-park-au-1er-fevrier-2023\/\" \/>\n<meta property=\"og:site_name\" content=\"eurotoll\" \/>\n<meta property=\"article:published_time\" content=\"2023-01-11T15:50:27+00:00\" \/>\n<meta property=\"article:modified_time\" content=\"2025-02-07T15:10:50+00:00\" \/>\n<meta name=\"author\" content=\"Elodie Thiery\" \/>\n<meta name=\"twitter:card\" content=\"summary_large_image\" \/>\n<meta name=\"twitter:label1\" content=\"\u00c9crit par\" \/>\n\t<meta name=\"twitter:data1\" content=\"Elodie Thiery\" \/>\n\t<meta name=\"twitter:label2\" content=\"Dur\u00e9e de lecture estim\u00e9e\" \/>\n\t<meta name=\"twitter:data2\" content=\"1 minute\" \/>\n<script type=\"application\/ld+json\" class=\"yoast-schema-graph\">{\"@context\":\"https:\/\/schema.org\",\"@graph\":[{\"@type\":\"Article\",\"@id\":\"https:\/\/www.Eurotoll.eu\/fr\/2023\/01\/11\/evolution-des-tarifs-du-parking-securise-pl-park-au-1er-fevrier-2023\/#article\",\"isPartOf\":{\"@id\":\"https:\/\/www.Eurotoll.eu\/fr\/2023\/01\/11\/evolution-des-tarifs-du-parking-securise-pl-park-au-1er-fevrier-2023\/\"},\"author\":{\"name\":\"Elodie Thiery\",\"@id\":\"https:\/\/www.Eurotoll.eu\/fr\/#\/schema\/person\/c8c870b66025739fb7087c3e7a8244cd\"},\"headline\":\"Parking s\u00e9curis\u00e9 PARK+ : tarifs mis \u00e0 jour f\u00e9vrier 2023\",\"datePublished\":\"2023-01-11T15:50:27+00:00\",\"dateModified\":\"2025-02-07T15:10:50+00:00\",\"mainEntityOfPage\":{\"@id\":\"https:\/\/www.Eurotoll.eu\/fr\/2023\/01\/11\/evolution-des-tarifs-du-parking-securise-pl-park-au-1er-fevrier-2023\/\"},\"wordCount\":73,\"inLanguage\":\"fr-FR\"},{\"@type\":\"WebPage\",\"@id\":\"https:\/\/www.Eurotoll.eu\/fr\/2023\/01\/11\/evolution-des-tarifs-du-parking-securise-pl-park-au-1er-fevrier-2023\/\",\"url\":\"https:\/\/www.Eurotoll.eu\/fr\/2023\/01\/11\/evolution-des-tarifs-du-parking-securise-pl-park-au-1er-fevrier-2023\/\",\"name\":\"Parking s\u00e9curis\u00e9 PARK+ : tarifs mis \u00e0 jour f\u00e9vrier 2023 - eurotoll\",\"isPartOf\":{\"@id\":\"https:\/\/www.Eurotoll.eu\/fr\/#website\"},\"datePublished\":\"2023-01-11T15:50:27+00:00\",\"dateModified\":\"2025-02-07T15:10:50+00:00\",\"author\":{\"@id\":\"https:\/\/www.Eurotoll.eu\/fr\/#\/schema\/person\/c8c870b66025739fb7087c3e7a8244cd\"},\"breadcrumb\":{\"@id\":\"https:\/\/www.Eurotoll.eu\/fr\/2023\/01\/11\/evolution-des-tarifs-du-parking-securise-pl-park-au-1er-fevrier-2023\/#breadcrumb\"},\"inLanguage\":\"fr-FR\",\"potentialAction\":[{\"@type\":\"ReadAction\",\"target\":[\"https:\/\/www.Eurotoll.eu\/fr\/2023\/01\/11\/evolution-des-tarifs-du-parking-securise-pl-park-au-1er-fevrier-2023\/\"]}]},{\"@type\":\"BreadcrumbList\",\"@id\":\"https:\/\/www.Eurotoll.eu\/fr\/2023\/01\/11\/evolution-des-tarifs-du-parking-securise-pl-park-au-1er-fevrier-2023\/#breadcrumb\",\"itemListElement\":[{\"@type\":\"ListItem\",\"position\":1,\"name\":\"Accueil\",\"item\":\"https:\/\/www.Eurotoll.eu\/fr\/\"},{\"@type\":\"ListItem\",\"position\":2,\"name\":\"Parking s\u00e9curis\u00e9 PARK+ : tarifs mis \u00e0 jour f\u00e9vrier 2023\"}]},{\"@type\":\"WebSite\",\"@id\":\"https:\/\/www.Eurotoll.eu\/fr\/#website\",\"url\":\"https:\/\/www.Eurotoll.eu\/fr\/\",\"name\":\"eurotoll\",\"description\":\"Opening the road\",\"potentialAction\":[{\"@type\":\"SearchAction\",\"target\":{\"@type\":\"EntryPoint\",\"urlTemplate\":\"https:\/\/www.Eurotoll.eu\/fr\/?s={search_term_string}\"},\"query-input\":{\"@type\":\"PropertyValueSpecification\",\"valueRequired\":true,\"valueName\":\"search_term_string\"}}],\"inLanguage\":\"fr-FR\"},{\"@type\":\"Person\",\"@id\":\"https:\/\/www.Eurotoll.eu\/fr\/#\/schema\/person\/c8c870b66025739fb7087c3e7a8244cd\",\"name\":\"Elodie Thiery\"}]}<\/script>\n<!-- \/ Yoast SEO Premium plugin. -->","yoast_head_json":{"title":"Parking s\u00e9curis\u00e9 PARK+ : tarifs mis \u00e0 jour f\u00e9vrier 2023 - eurotoll","robots":{"index":"index","follow":"follow","max-snippet":"max-snippet:-1","max-image-preview":"max-image-preview:large","max-video-preview":"max-video-preview:-1"},"canonical":"https:\/\/www.Eurotoll.eu\/fr\/2023\/01\/11\/evolution-des-tarifs-du-parking-securise-pl-park-au-1er-fevrier-2023\/","og_locale":"fr_FR","og_type":"article","og_title":"Parking s\u00e9curis\u00e9 PARK+ : tarifs mis \u00e0 jour f\u00e9vrier 2023","og_description":"Le parking s\u00e9curis\u00e9 PARK+ Paris Sud Est appliquera de nouveaux tarifs \u00e0 partir du 01\/02\/2023. Le tarif horaire augmentera ainsi de...","og_url":"https:\/\/www.Eurotoll.eu\/fr\/2023\/01\/11\/evolution-des-tarifs-du-parking-securise-pl-park-au-1er-fevrier-2023\/","og_site_name":"eurotoll","article_published_time":"2023-01-11T15:50:27+00:00","article_modified_time":"2025-02-07T15:10:50+00:00","author":"Elodie Thiery","twitter_card":"summary_large_image","twitter_misc":{"\u00c9crit par":"Elodie Thiery","Dur\u00e9e de lecture estim\u00e9e":"1 minute"},"schema":{"@context":"https:\/\/schema.org","@graph":[{"@type":"Article","@id":"https:\/\/www.Eurotoll.eu\/fr\/2023\/01\/11\/evolution-des-tarifs-du-parking-securise-pl-park-au-1er-fevrier-2023\/#article","isPartOf":{"@id":"https:\/\/www.Eurotoll.eu\/fr\/2023\/01\/11\/evolution-des-tarifs-du-parking-securise-pl-park-au-1er-fevrier-2023\/"},"author":{"name":"Elodie Thiery","@id":"https:\/\/www.Eurotoll.eu\/fr\/#\/schema\/person\/c8c870b66025739fb7087c3e7a8244cd"},"headline":"Parking s\u00e9curis\u00e9 PARK+ : tarifs mis \u00e0 jour f\u00e9vrier 2023","datePublished":"2023-01-11T15:50:27+00:00","dateModified":"2025-02-07T15:10:50+00:00","mainEntityOfPage":{"@id":"https:\/\/www.Eurotoll.eu\/fr\/2023\/01\/11\/evolution-des-tarifs-du-parking-securise-pl-park-au-1er-fevrier-2023\/"},"wordCount":73,"inLanguage":"fr-FR"},{"@type":"WebPage","@id":"https:\/\/www.Eurotoll.eu\/fr\/2023\/01\/11\/evolution-des-tarifs-du-parking-securise-pl-park-au-1er-fevrier-2023\/","url":"https:\/\/www.Eurotoll.eu\/fr\/2023\/01\/11\/evolution-des-tarifs-du-parking-securise-pl-park-au-1er-fevrier-2023\/","name":"Parking s\u00e9curis\u00e9 PARK+ : tarifs mis \u00e0 jour f\u00e9vrier 2023 - eurotoll","isPartOf":{"@id":"https:\/\/www.Eurotoll.eu\/fr\/#website"},"datePublished":"2023-01-11T15:50:27+00:00","dateModified":"2025-02-07T15:10:50+00:00","author":{"@id":"https:\/\/www.Eurotoll.eu\/fr\/#\/schema\/person\/c8c870b66025739fb7087c3e7a8244cd"},"breadcrumb":{"@id":"https:\/\/www.Eurotoll.eu\/fr\/2023\/01\/11\/evolution-des-tarifs-du-parking-securise-pl-park-au-1er-fevrier-2023\/#breadcrumb"},"inLanguage":"fr-FR","potentialAction":[{"@type":"ReadAction","target":["https:\/\/www.Eurotoll.eu\/fr\/2023\/01\/11\/evolution-des-tarifs-du-parking-securise-pl-park-au-1er-fevrier-2023\/"]}]},{"@type":"BreadcrumbList","@id":"https:\/\/www.Eurotoll.eu\/fr\/2023\/01\/11\/evolution-des-tarifs-du-parking-securise-pl-park-au-1er-fevrier-2023\/#breadcrumb","itemListElement":[{"@type":"ListItem","position":1,"name":"Accueil","item":"https:\/\/www.Eurotoll.eu\/fr\/"},{"@type":"ListItem","position":2,"name":"Parking s\u00e9curis\u00e9 PARK+ : tarifs mis \u00e0 jour f\u00e9vrier 2023"}]},{"@type":"WebSite","@id":"https:\/\/www.Eurotoll.eu\/fr\/#website","url":"https:\/\/www.Eurotoll.eu\/fr\/","name":"eurotoll","description":"Opening the road","potentialAction":[{"@type":"SearchAction","target":{"@type":"EntryPoint","urlTemplate":"https:\/\/www.Eurotoll.eu\/fr\/?s={search_term_string}"},"query-input":{"@type":"PropertyValueSpecification","valueRequired":true,"valueName":"search_term_string"}}],"inLanguage":"fr-FR"},{"@type":"Person","@id":"https:\/\/www.Eurotoll.eu\/fr\/#\/schema\/person\/c8c870b66025739fb7087c3e7a8244cd","name":"Elodie Thiery"}]}},"_links":{"self":[{"href":"https:\/\/www.Eurotoll.eu\/fr\/wp-json\/wp\/v2\/posts\/11321","targetHints":{"allow":["GET"]}}],"collection":[{"href":"https:\/\/www.Eurotoll.eu\/fr\/wp-json\/wp\/v2\/posts"}],"about":[{"href":"https:\/\/www.Eurotoll.eu\/fr\/wp-json\/wp\/v2\/types\/post"}],"author":[{"embeddable":true,"href":"https:\/\/www.Eurotoll.eu\/fr\/wp-json\/wp\/v2\/users\/23"}],"replies":[{"embeddable":true,"href":"https:\/\/www.Eurotoll.eu\/fr\/wp-json\/wp\/v2\/comments?post=11321"}],"version-history":[{"count":5,"href":"https:\/\/www.Eurotoll.eu\/fr\/wp-json\/wp\/v2\/posts\/11321\/revisions"}],"predecessor-version":[{"id":18023,"href":"https:\/\/www.Eurotoll.eu\/fr\/wp-json\/wp\/v2\/posts\/11321\/revisions\/18023"}],"wp:attachment":[{"href":"https:\/\/www.Eurotoll.eu\/fr\/wp-json\/wp\/v2\/media?parent=11321"}],"wp:term":[{"taxonomy":"category","embeddable":true,"href":"https:\/\/www.Eurotoll.eu\/fr\/wp-json\/wp\/v2\/categories?post=11321"},{"taxonomy":"post_tag","embeddable":true,"href":"https:\/\/www.Eurotoll.eu\/fr\/wp-json\/wp\/v2\/tags?post=11321"}],"curies":[{"name":"wp","href":"https:\/\/api.w.org\/{rel}","templated":true}]}}