{"id":11189,"date":"2022-11-25T15:33:48","date_gmt":"2022-11-25T14:33:48","guid":{"rendered":"https:\/\/www.eurotoll.eu\/2022\/11\/25\/belgia-zmiana-stawek-viapass-od-1-stycznia-2023-r\/"},"modified":"2023-06-27T14:56:35","modified_gmt":"2023-06-27T12:56:35","slug":"belgia-zmiana-stawek-viapass-od-1-stycznia-2023-r","status":"publish","type":"post","link":"https:\/\/www.Eurotoll.eu\/pl\/2022\/11\/25\/belgia-zmiana-stawek-viapass-od-1-stycznia-2023-r\/","title":{"rendered":"BELGIA : Zmiana stawek VIAPASS od 1 stycznia 2023 r"},"content":{"rendered":"<p><strong>Od 1 stycznia 2023 r. w Walonii zacznie obowi\u0105zywa\u0107 nowa skala stawek op\u0142at kilometrowych.\u00a0<\/strong>Pozostan\u0105 one jednak niezmienione we Flandrii i Brukseli.<\/p>\n<p>Pami\u0119taj, \u017ce <strong>Twoje OBU automatycznie uwzgl\u0119dni\u0105 nowe stawki, bez \u017cadnych dzia\u0142a\u0144 z Twojej strony.<\/strong><\/p>\n<p><a href=\"https:\/\/www.Eurotoll.eu\/wp-content\/uploads\/2023\/06\/PL-Bareme-TISPL-26.06.2023.pdf\" target=\"_blank\" rel=\"noopener\"><u>Dowiedz si\u0119 wi\u0119cej<\/u><\/a><\/p>\n","protected":false},"excerpt":{"rendered":"<p>Od 1 stycznia 2023 r. w Walonii zacznie obowi\u0105zywa\u0107 nowa skala stawek op\u0142at kilometrowych.\u00a0Pozostan\u0105 one jednak niezmienione we Flandrii i Brukseli&#8230;.<\/p>\n","protected":false},"author":23,"featured_media":0,"comment_status":"closed","ping_status":"closed","sticky":false,"template":"","format":"standard","meta":{"footnotes":""},"categories":[4],"tags":[],"class_list":["post-11189","post","type-post","status-publish","format-standard","hentry","category-bez-kategorii"],"yoast_head":"<!-- This site is optimized with the Yoast SEO Premium plugin v26.7 (Yoast SEO v26.7) - https:\/\/yoast.com\/wordpress\/plugins\/seo\/ -->\n<title>BELGIA : Zmiana stawek VIAPASS od 1 stycznia 2023 r - Eurotoll<\/title>\n<meta name=\"robots\" content=\"index, follow, max-snippet:-1, max-image-preview:large, max-video-preview:-1\" \/>\n<link rel=\"canonical\" href=\"https:\/\/www.Eurotoll.eu\/pl\/2022\/11\/25\/belgia-zmiana-stawek-viapass-od-1-stycznia-2023-r\/\" \/>\n<meta property=\"og:locale\" content=\"pl_PL\" \/>\n<meta property=\"og:type\" content=\"article\" \/>\n<meta property=\"og:title\" content=\"BELGIA : Zmiana stawek VIAPASS od 1 stycznia 2023 r\" \/>\n<meta property=\"og:description\" content=\"Od 1 stycznia 2023 r. w Walonii zacznie obowi\u0105zywa\u0107 nowa skala stawek op\u0142at kilometrowych.\u00a0Pozostan\u0105 one jednak niezmienione we Flandrii i Brukseli....\" \/>\n<meta property=\"og:url\" content=\"https:\/\/www.Eurotoll.eu\/pl\/2022\/11\/25\/belgia-zmiana-stawek-viapass-od-1-stycznia-2023-r\/\" \/>\n<meta property=\"og:site_name\" content=\"Eurotoll\" \/>\n<meta property=\"article:published_time\" content=\"2022-11-25T14:33:48+00:00\" \/>\n<meta property=\"article:modified_time\" content=\"2023-06-27T12:56:35+00:00\" \/>\n<meta name=\"author\" content=\"Elodie Thiery\" \/>\n<meta name=\"twitter:card\" content=\"summary_large_image\" \/>\n<meta name=\"twitter:label1\" content=\"Napisane przez\" \/>\n\t<meta name=\"twitter:data1\" content=\"Elodie Thiery\" \/>\n\t<meta name=\"twitter:label2\" content=\"Szacowany czas czytania\" \/>\n\t<meta name=\"twitter:data2\" content=\"1 minuta\" \/>\n<script type=\"application\/ld+json\" class=\"yoast-schema-graph\">{\"@context\":\"https:\/\/schema.org\",\"@graph\":[{\"@type\":\"Article\",\"@id\":\"https:\/\/www.Eurotoll.eu\/pl\/2022\/11\/25\/belgia-zmiana-stawek-viapass-od-1-stycznia-2023-r\/#article\",\"isPartOf\":{\"@id\":\"https:\/\/www.Eurotoll.eu\/pl\/2022\/11\/25\/belgia-zmiana-stawek-viapass-od-1-stycznia-2023-r\/\"},\"author\":{\"name\":\"Elodie Thiery\",\"@id\":\"https:\/\/www.Eurotoll.eu\/pl\/#\/schema\/person\/c8c870b66025739fb7087c3e7a8244cd\"},\"headline\":\"BELGIA : Zmiana stawek VIAPASS od 1 stycznia 2023 r\",\"datePublished\":\"2022-11-25T14:33:48+00:00\",\"dateModified\":\"2023-06-27T12:56:35+00:00\",\"mainEntityOfPage\":{\"@id\":\"https:\/\/www.Eurotoll.eu\/pl\/2022\/11\/25\/belgia-zmiana-stawek-viapass-od-1-stycznia-2023-r\/\"},\"wordCount\":50,\"inLanguage\":\"pl-PL\"},{\"@type\":\"WebPage\",\"@id\":\"https:\/\/www.Eurotoll.eu\/pl\/2022\/11\/25\/belgia-zmiana-stawek-viapass-od-1-stycznia-2023-r\/\",\"url\":\"https:\/\/www.Eurotoll.eu\/pl\/2022\/11\/25\/belgia-zmiana-stawek-viapass-od-1-stycznia-2023-r\/\",\"name\":\"BELGIA : Zmiana stawek VIAPASS od 1 stycznia 2023 r - Eurotoll\",\"isPartOf\":{\"@id\":\"https:\/\/www.Eurotoll.eu\/pl\/#website\"},\"datePublished\":\"2022-11-25T14:33:48+00:00\",\"dateModified\":\"2023-06-27T12:56:35+00:00\",\"author\":{\"@id\":\"https:\/\/www.Eurotoll.eu\/pl\/#\/schema\/person\/c8c870b66025739fb7087c3e7a8244cd\"},\"breadcrumb\":{\"@id\":\"https:\/\/www.Eurotoll.eu\/pl\/2022\/11\/25\/belgia-zmiana-stawek-viapass-od-1-stycznia-2023-r\/#breadcrumb\"},\"inLanguage\":\"pl-PL\",\"potentialAction\":[{\"@type\":\"ReadAction\",\"target\":[\"https:\/\/www.Eurotoll.eu\/pl\/2022\/11\/25\/belgia-zmiana-stawek-viapass-od-1-stycznia-2023-r\/\"]}]},{\"@type\":\"BreadcrumbList\",\"@id\":\"https:\/\/www.Eurotoll.eu\/pl\/2022\/11\/25\/belgia-zmiana-stawek-viapass-od-1-stycznia-2023-r\/#breadcrumb\",\"itemListElement\":[{\"@type\":\"ListItem\",\"position\":1,\"name\":\"Accueil\",\"item\":\"https:\/\/www.Eurotoll.eu\/pl\/\"},{\"@type\":\"ListItem\",\"position\":2,\"name\":\"BELGIA : Zmiana stawek VIAPASS od 1 stycznia 2023 r\"}]},{\"@type\":\"WebSite\",\"@id\":\"https:\/\/www.Eurotoll.eu\/pl\/#website\",\"url\":\"https:\/\/www.Eurotoll.eu\/pl\/\",\"name\":\"Eurotoll\",\"description\":\"Acteur cl\u00e9 du t\u00e9l\u00e9p\u00e9age en Europe\",\"potentialAction\":[{\"@type\":\"SearchAction\",\"target\":{\"@type\":\"EntryPoint\",\"urlTemplate\":\"https:\/\/www.Eurotoll.eu\/pl\/?s={search_term_string}\"},\"query-input\":{\"@type\":\"PropertyValueSpecification\",\"valueRequired\":true,\"valueName\":\"search_term_string\"}}],\"inLanguage\":\"pl-PL\"},{\"@type\":\"Person\",\"@id\":\"https:\/\/www.Eurotoll.eu\/pl\/#\/schema\/person\/c8c870b66025739fb7087c3e7a8244cd\",\"name\":\"Elodie Thiery\"}]}<\/script>\n<!-- \/ Yoast SEO Premium plugin. -->","yoast_head_json":{"title":"BELGIA : Zmiana stawek VIAPASS od 1 stycznia 2023 r - Eurotoll","robots":{"index":"index","follow":"follow","max-snippet":"max-snippet:-1","max-image-preview":"max-image-preview:large","max-video-preview":"max-video-preview:-1"},"canonical":"https:\/\/www.Eurotoll.eu\/pl\/2022\/11\/25\/belgia-zmiana-stawek-viapass-od-1-stycznia-2023-r\/","og_locale":"pl_PL","og_type":"article","og_title":"BELGIA : Zmiana stawek VIAPASS od 1 stycznia 2023 r","og_description":"Od 1 stycznia 2023 r. w Walonii zacznie obowi\u0105zywa\u0107 nowa skala stawek op\u0142at kilometrowych.\u00a0Pozostan\u0105 one jednak niezmienione we Flandrii i Brukseli....","og_url":"https:\/\/www.Eurotoll.eu\/pl\/2022\/11\/25\/belgia-zmiana-stawek-viapass-od-1-stycznia-2023-r\/","og_site_name":"Eurotoll","article_published_time":"2022-11-25T14:33:48+00:00","article_modified_time":"2023-06-27T12:56:35+00:00","author":"Elodie Thiery","twitter_card":"summary_large_image","twitter_misc":{"Napisane przez":"Elodie Thiery","Szacowany czas czytania":"1 minuta"},"schema":{"@context":"https:\/\/schema.org","@graph":[{"@type":"Article","@id":"https:\/\/www.Eurotoll.eu\/pl\/2022\/11\/25\/belgia-zmiana-stawek-viapass-od-1-stycznia-2023-r\/#article","isPartOf":{"@id":"https:\/\/www.Eurotoll.eu\/pl\/2022\/11\/25\/belgia-zmiana-stawek-viapass-od-1-stycznia-2023-r\/"},"author":{"name":"Elodie Thiery","@id":"https:\/\/www.Eurotoll.eu\/pl\/#\/schema\/person\/c8c870b66025739fb7087c3e7a8244cd"},"headline":"BELGIA : Zmiana stawek VIAPASS od 1 stycznia 2023 r","datePublished":"2022-11-25T14:33:48+00:00","dateModified":"2023-06-27T12:56:35+00:00","mainEntityOfPage":{"@id":"https:\/\/www.Eurotoll.eu\/pl\/2022\/11\/25\/belgia-zmiana-stawek-viapass-od-1-stycznia-2023-r\/"},"wordCount":50,"inLanguage":"pl-PL"},{"@type":"WebPage","@id":"https:\/\/www.Eurotoll.eu\/pl\/2022\/11\/25\/belgia-zmiana-stawek-viapass-od-1-stycznia-2023-r\/","url":"https:\/\/www.Eurotoll.eu\/pl\/2022\/11\/25\/belgia-zmiana-stawek-viapass-od-1-stycznia-2023-r\/","name":"BELGIA : Zmiana stawek VIAPASS od 1 stycznia 2023 r - Eurotoll","isPartOf":{"@id":"https:\/\/www.Eurotoll.eu\/pl\/#website"},"datePublished":"2022-11-25T14:33:48+00:00","dateModified":"2023-06-27T12:56:35+00:00","author":{"@id":"https:\/\/www.Eurotoll.eu\/pl\/#\/schema\/person\/c8c870b66025739fb7087c3e7a8244cd"},"breadcrumb":{"@id":"https:\/\/www.Eurotoll.eu\/pl\/2022\/11\/25\/belgia-zmiana-stawek-viapass-od-1-stycznia-2023-r\/#breadcrumb"},"inLanguage":"pl-PL","potentialAction":[{"@type":"ReadAction","target":["https:\/\/www.Eurotoll.eu\/pl\/2022\/11\/25\/belgia-zmiana-stawek-viapass-od-1-stycznia-2023-r\/"]}]},{"@type":"BreadcrumbList","@id":"https:\/\/www.Eurotoll.eu\/pl\/2022\/11\/25\/belgia-zmiana-stawek-viapass-od-1-stycznia-2023-r\/#breadcrumb","itemListElement":[{"@type":"ListItem","position":1,"name":"Accueil","item":"https:\/\/www.Eurotoll.eu\/pl\/"},{"@type":"ListItem","position":2,"name":"BELGIA : Zmiana stawek VIAPASS od 1 stycznia 2023 r"}]},{"@type":"WebSite","@id":"https:\/\/www.Eurotoll.eu\/pl\/#website","url":"https:\/\/www.Eurotoll.eu\/pl\/","name":"Eurotoll","description":"Acteur cl\u00e9 du t\u00e9l\u00e9p\u00e9age en Europe","potentialAction":[{"@type":"SearchAction","target":{"@type":"EntryPoint","urlTemplate":"https:\/\/www.Eurotoll.eu\/pl\/?s={search_term_string}"},"query-input":{"@type":"PropertyValueSpecification","valueRequired":true,"valueName":"search_term_string"}}],"inLanguage":"pl-PL"},{"@type":"Person","@id":"https:\/\/www.Eurotoll.eu\/pl\/#\/schema\/person\/c8c870b66025739fb7087c3e7a8244cd","name":"Elodie Thiery"}]}},"_links":{"self":[{"href":"https:\/\/www.Eurotoll.eu\/pl\/wp-json\/wp\/v2\/posts\/11189","targetHints":{"allow":["GET"]}}],"collection":[{"href":"https:\/\/www.Eurotoll.eu\/pl\/wp-json\/wp\/v2\/posts"}],"about":[{"href":"https:\/\/www.Eurotoll.eu\/pl\/wp-json\/wp\/v2\/types\/post"}],"author":[{"embeddable":true,"href":"https:\/\/www.Eurotoll.eu\/pl\/wp-json\/wp\/v2\/users\/23"}],"replies":[{"embeddable":true,"href":"https:\/\/www.Eurotoll.eu\/pl\/wp-json\/wp\/v2\/comments?post=11189"}],"version-history":[{"count":4,"href":"https:\/\/www.Eurotoll.eu\/pl\/wp-json\/wp\/v2\/posts\/11189\/revisions"}],"predecessor-version":[{"id":13104,"href":"https:\/\/www.Eurotoll.eu\/pl\/wp-json\/wp\/v2\/posts\/11189\/revisions\/13104"}],"wp:attachment":[{"href":"https:\/\/www.Eurotoll.eu\/pl\/wp-json\/wp\/v2\/media?parent=11189"}],"wp:term":[{"taxonomy":"category","embeddable":true,"href":"https:\/\/www.Eurotoll.eu\/pl\/wp-json\/wp\/v2\/categories?post=11189"},{"taxonomy":"post_tag","embeddable":true,"href":"https:\/\/www.Eurotoll.eu\/pl\/wp-json\/wp\/v2\/tags?post=11189"}],"curies":[{"name":"wp","href":"https:\/\/api.w.org\/{rel}","templated":true}]}}