{"id":6283,"date":"2017-03-28T10:09:52","date_gmt":"2017-03-28T08:09:52","guid":{"rendered":"http:\/\/80.75.152.85\/?p=6283\/"},"modified":"2017-03-28T10:09:52","modified_gmt":"2017-03-28T08:09:52","slug":"ying-yu-touzot-the-newly-appointed-ceo-of-eurotoll","status":"publish","type":"post","link":"https:\/\/www.Eurotoll.eu\/pl\/2017\/03\/28\/ying-yu-touzot-the-newly-appointed-ceo-of-eurotoll\/","title":{"rendered":"Ying-Yu Touzot: the newly appointed CEO of eurotoll"},"content":{"rendered":"<p>We are pleased to inform you that Ying-Yu Touzot has been appointed as CEO of eurotoll since the 1st of March 2017.<\/p>\n<p>Ying-Yu succeeds Philippe Duthoit, CEO of eurotoll since 2011. She will lead the development of eurotoll in Europe ensuring its consistency with the group\u2019s strategy.<\/p>\n<p>Ying-Yu joined Sanef in 2005 and was in charge of corporate development and asset optimisation. She was responsible for business development and financial controlling of the electronic tolling business of Sanef which is now part of Abertis Group.<\/p>\n<p>Ying-Yu started her career in consulting in the USA. In France, she then worked with Renault and Egis. Educated in Taiwan, USA, and France, Ying-Yu holds an MBA from INSEAD.<\/p>\n","protected":false},"excerpt":{"rendered":"<p>We are pleased to inform you that Ying-Yu Touzot has been appointed as CEO of eurotoll since the 1st of March&#8230;<\/p>\n","protected":false},"author":23,"featured_media":0,"comment_status":"closed","ping_status":"closed","sticky":false,"template":"","format":"standard","meta":{"footnotes":""},"categories":[4],"tags":[],"class_list":["post-6283","post","type-post","status-publish","format-standard","hentry","category-bez-kategorii"],"yoast_head":"<!-- This site is optimized with the Yoast SEO Premium plugin v26.7 (Yoast SEO v26.7) - https:\/\/yoast.com\/wordpress\/plugins\/seo\/ -->\n<title>Ying-Yu Touzot: the newly appointed CEO of eurotoll - Eurotoll<\/title>\n<meta name=\"robots\" content=\"index, follow, max-snippet:-1, max-image-preview:large, max-video-preview:-1\" \/>\n<link rel=\"canonical\" href=\"https:\/\/www.Eurotoll.eu\/pl\/2017\/03\/28\/ying-yu-touzot-the-newly-appointed-ceo-of-eurotoll\/\" \/>\n<meta property=\"og:locale\" content=\"pl_PL\" \/>\n<meta property=\"og:type\" content=\"article\" \/>\n<meta property=\"og:title\" content=\"Ying-Yu Touzot: the newly appointed CEO of eurotoll\" \/>\n<meta property=\"og:description\" content=\"We are pleased to inform you that Ying-Yu Touzot has been appointed as CEO of eurotoll since the 1st of March...\" \/>\n<meta property=\"og:url\" content=\"https:\/\/www.Eurotoll.eu\/pl\/2017\/03\/28\/ying-yu-touzot-the-newly-appointed-ceo-of-eurotoll\/\" \/>\n<meta property=\"og:site_name\" content=\"Eurotoll\" \/>\n<meta property=\"article:published_time\" content=\"2017-03-28T08:09:52+00:00\" \/>\n<meta name=\"author\" content=\"Elodie Thiery\" \/>\n<meta name=\"twitter:card\" content=\"summary_large_image\" \/>\n<meta name=\"twitter:label1\" content=\"Napisane przez\" \/>\n\t<meta name=\"twitter:data1\" content=\"Elodie Thiery\" \/>\n\t<meta name=\"twitter:label2\" content=\"Szacowany czas czytania\" \/>\n\t<meta name=\"twitter:data2\" content=\"1 minuta\" \/>\n<script type=\"application\/ld+json\" class=\"yoast-schema-graph\">{\"@context\":\"https:\/\/schema.org\",\"@graph\":[{\"@type\":\"Article\",\"@id\":\"https:\/\/www.Eurotoll.eu\/pl\/2017\/03\/28\/ying-yu-touzot-the-newly-appointed-ceo-of-eurotoll\/#article\",\"isPartOf\":{\"@id\":\"https:\/\/www.Eurotoll.eu\/pl\/2017\/03\/28\/ying-yu-touzot-the-newly-appointed-ceo-of-eurotoll\/\"},\"author\":{\"name\":\"Elodie Thiery\",\"@id\":\"https:\/\/www.Eurotoll.eu\/pl\/#\/schema\/person\/c8c870b66025739fb7087c3e7a8244cd\"},\"headline\":\"Ying-Yu Touzot: the newly appointed CEO of eurotoll\",\"datePublished\":\"2017-03-28T08:09:52+00:00\",\"mainEntityOfPage\":{\"@id\":\"https:\/\/www.Eurotoll.eu\/pl\/2017\/03\/28\/ying-yu-touzot-the-newly-appointed-ceo-of-eurotoll\/\"},\"wordCount\":121,\"inLanguage\":\"pl-PL\"},{\"@type\":\"WebPage\",\"@id\":\"https:\/\/www.Eurotoll.eu\/pl\/2017\/03\/28\/ying-yu-touzot-the-newly-appointed-ceo-of-eurotoll\/\",\"url\":\"https:\/\/www.Eurotoll.eu\/pl\/2017\/03\/28\/ying-yu-touzot-the-newly-appointed-ceo-of-eurotoll\/\",\"name\":\"Ying-Yu Touzot: the newly appointed CEO of eurotoll - Eurotoll\",\"isPartOf\":{\"@id\":\"https:\/\/www.Eurotoll.eu\/pl\/#website\"},\"datePublished\":\"2017-03-28T08:09:52+00:00\",\"author\":{\"@id\":\"https:\/\/www.Eurotoll.eu\/pl\/#\/schema\/person\/c8c870b66025739fb7087c3e7a8244cd\"},\"breadcrumb\":{\"@id\":\"https:\/\/www.Eurotoll.eu\/pl\/2017\/03\/28\/ying-yu-touzot-the-newly-appointed-ceo-of-eurotoll\/#breadcrumb\"},\"inLanguage\":\"pl-PL\",\"potentialAction\":[{\"@type\":\"ReadAction\",\"target\":[\"https:\/\/www.Eurotoll.eu\/pl\/2017\/03\/28\/ying-yu-touzot-the-newly-appointed-ceo-of-eurotoll\/\"]}]},{\"@type\":\"BreadcrumbList\",\"@id\":\"https:\/\/www.Eurotoll.eu\/pl\/2017\/03\/28\/ying-yu-touzot-the-newly-appointed-ceo-of-eurotoll\/#breadcrumb\",\"itemListElement\":[{\"@type\":\"ListItem\",\"position\":1,\"name\":\"Accueil\",\"item\":\"https:\/\/www.Eurotoll.eu\/pl\/\"},{\"@type\":\"ListItem\",\"position\":2,\"name\":\"Ying-Yu Touzot: the newly appointed CEO of eurotoll\"}]},{\"@type\":\"WebSite\",\"@id\":\"https:\/\/www.Eurotoll.eu\/pl\/#website\",\"url\":\"https:\/\/www.Eurotoll.eu\/pl\/\",\"name\":\"Eurotoll\",\"description\":\"Acteur cl\u00e9 du t\u00e9l\u00e9p\u00e9age en Europe\",\"potentialAction\":[{\"@type\":\"SearchAction\",\"target\":{\"@type\":\"EntryPoint\",\"urlTemplate\":\"https:\/\/www.Eurotoll.eu\/pl\/?s={search_term_string}\"},\"query-input\":{\"@type\":\"PropertyValueSpecification\",\"valueRequired\":true,\"valueName\":\"search_term_string\"}}],\"inLanguage\":\"pl-PL\"},{\"@type\":\"Person\",\"@id\":\"https:\/\/www.Eurotoll.eu\/pl\/#\/schema\/person\/c8c870b66025739fb7087c3e7a8244cd\",\"name\":\"Elodie Thiery\"}]}<\/script>\n<!-- \/ Yoast SEO Premium plugin. -->","yoast_head_json":{"title":"Ying-Yu Touzot: the newly appointed CEO of eurotoll - Eurotoll","robots":{"index":"index","follow":"follow","max-snippet":"max-snippet:-1","max-image-preview":"max-image-preview:large","max-video-preview":"max-video-preview:-1"},"canonical":"https:\/\/www.Eurotoll.eu\/pl\/2017\/03\/28\/ying-yu-touzot-the-newly-appointed-ceo-of-eurotoll\/","og_locale":"pl_PL","og_type":"article","og_title":"Ying-Yu Touzot: the newly appointed CEO of eurotoll","og_description":"We are pleased to inform you that Ying-Yu Touzot has been appointed as CEO of eurotoll since the 1st of March...","og_url":"https:\/\/www.Eurotoll.eu\/pl\/2017\/03\/28\/ying-yu-touzot-the-newly-appointed-ceo-of-eurotoll\/","og_site_name":"Eurotoll","article_published_time":"2017-03-28T08:09:52+00:00","author":"Elodie Thiery","twitter_card":"summary_large_image","twitter_misc":{"Napisane przez":"Elodie Thiery","Szacowany czas czytania":"1 minuta"},"schema":{"@context":"https:\/\/schema.org","@graph":[{"@type":"Article","@id":"https:\/\/www.Eurotoll.eu\/pl\/2017\/03\/28\/ying-yu-touzot-the-newly-appointed-ceo-of-eurotoll\/#article","isPartOf":{"@id":"https:\/\/www.Eurotoll.eu\/pl\/2017\/03\/28\/ying-yu-touzot-the-newly-appointed-ceo-of-eurotoll\/"},"author":{"name":"Elodie Thiery","@id":"https:\/\/www.Eurotoll.eu\/pl\/#\/schema\/person\/c8c870b66025739fb7087c3e7a8244cd"},"headline":"Ying-Yu Touzot: the newly appointed CEO of eurotoll","datePublished":"2017-03-28T08:09:52+00:00","mainEntityOfPage":{"@id":"https:\/\/www.Eurotoll.eu\/pl\/2017\/03\/28\/ying-yu-touzot-the-newly-appointed-ceo-of-eurotoll\/"},"wordCount":121,"inLanguage":"pl-PL"},{"@type":"WebPage","@id":"https:\/\/www.Eurotoll.eu\/pl\/2017\/03\/28\/ying-yu-touzot-the-newly-appointed-ceo-of-eurotoll\/","url":"https:\/\/www.Eurotoll.eu\/pl\/2017\/03\/28\/ying-yu-touzot-the-newly-appointed-ceo-of-eurotoll\/","name":"Ying-Yu Touzot: the newly appointed CEO of eurotoll - Eurotoll","isPartOf":{"@id":"https:\/\/www.Eurotoll.eu\/pl\/#website"},"datePublished":"2017-03-28T08:09:52+00:00","author":{"@id":"https:\/\/www.Eurotoll.eu\/pl\/#\/schema\/person\/c8c870b66025739fb7087c3e7a8244cd"},"breadcrumb":{"@id":"https:\/\/www.Eurotoll.eu\/pl\/2017\/03\/28\/ying-yu-touzot-the-newly-appointed-ceo-of-eurotoll\/#breadcrumb"},"inLanguage":"pl-PL","potentialAction":[{"@type":"ReadAction","target":["https:\/\/www.Eurotoll.eu\/pl\/2017\/03\/28\/ying-yu-touzot-the-newly-appointed-ceo-of-eurotoll\/"]}]},{"@type":"BreadcrumbList","@id":"https:\/\/www.Eurotoll.eu\/pl\/2017\/03\/28\/ying-yu-touzot-the-newly-appointed-ceo-of-eurotoll\/#breadcrumb","itemListElement":[{"@type":"ListItem","position":1,"name":"Accueil","item":"https:\/\/www.Eurotoll.eu\/pl\/"},{"@type":"ListItem","position":2,"name":"Ying-Yu Touzot: the newly appointed CEO of eurotoll"}]},{"@type":"WebSite","@id":"https:\/\/www.Eurotoll.eu\/pl\/#website","url":"https:\/\/www.Eurotoll.eu\/pl\/","name":"Eurotoll","description":"Acteur cl\u00e9 du t\u00e9l\u00e9p\u00e9age en Europe","potentialAction":[{"@type":"SearchAction","target":{"@type":"EntryPoint","urlTemplate":"https:\/\/www.Eurotoll.eu\/pl\/?s={search_term_string}"},"query-input":{"@type":"PropertyValueSpecification","valueRequired":true,"valueName":"search_term_string"}}],"inLanguage":"pl-PL"},{"@type":"Person","@id":"https:\/\/www.Eurotoll.eu\/pl\/#\/schema\/person\/c8c870b66025739fb7087c3e7a8244cd","name":"Elodie Thiery"}]}},"_links":{"self":[{"href":"https:\/\/www.Eurotoll.eu\/pl\/wp-json\/wp\/v2\/posts\/6283","targetHints":{"allow":["GET"]}}],"collection":[{"href":"https:\/\/www.Eurotoll.eu\/pl\/wp-json\/wp\/v2\/posts"}],"about":[{"href":"https:\/\/www.Eurotoll.eu\/pl\/wp-json\/wp\/v2\/types\/post"}],"author":[{"embeddable":true,"href":"https:\/\/www.Eurotoll.eu\/pl\/wp-json\/wp\/v2\/users\/23"}],"replies":[{"embeddable":true,"href":"https:\/\/www.Eurotoll.eu\/pl\/wp-json\/wp\/v2\/comments?post=6283"}],"version-history":[{"count":1,"href":"https:\/\/www.Eurotoll.eu\/pl\/wp-json\/wp\/v2\/posts\/6283\/revisions"}],"predecessor-version":[{"id":6284,"href":"https:\/\/www.Eurotoll.eu\/pl\/wp-json\/wp\/v2\/posts\/6283\/revisions\/6284"}],"wp:attachment":[{"href":"https:\/\/www.Eurotoll.eu\/pl\/wp-json\/wp\/v2\/media?parent=6283"}],"wp:term":[{"taxonomy":"category","embeddable":true,"href":"https:\/\/www.Eurotoll.eu\/pl\/wp-json\/wp\/v2\/categories?post=6283"},{"taxonomy":"post_tag","embeddable":true,"href":"https:\/\/www.Eurotoll.eu\/pl\/wp-json\/wp\/v2\/tags?post=6283"}],"curies":[{"name":"wp","href":"https:\/\/api.w.org\/{rel}","templated":true}]}}